{"id":13249,"date":"2023-08-29T19:40:44","date_gmt":"2023-08-29T19:40:44","guid":{"rendered":"https:\/\/patterncanada.wpenginepowered.com\/argentia-sera-un-pionnier-de-lhydrogene-dans-la-transition-mondiale-declare-le-vice-premier-ministre\/"},"modified":"2025-09-08T10:18:11","modified_gmt":"2025-09-08T10:18:11","slug":"argentia-sera-un-pionnier-de-lhydrogene-dans-la-transition-mondiale-declare-le-vice-premier-ministre","status":"publish","type":"post","link":"https:\/\/patterncanada.ca\/fr\/argentia-sera-un-pionnier-de-lhydrogene-dans-la-transition-mondiale-declare-le-vice-premier-ministre\/","title":{"rendered":"Argentia sera \u00ab\u00a0un pionnier de l&rsquo;hydrog\u00e8ne\u00a0\u00bb dans la transition mondiale, d\u00e9clare le vice-Premier ministre"},"content":{"rendered":"<p style=\"font-weight: 400\">Se promenant sur le site du port d&rsquo;Argentia, la vice-premi\u00e8re ministre Chrystia Freeland a vant\u00e9 les m\u00e9rites de Terre-Neuve-et-Labrador, qui est sur le point de devenir un chef de file mondial dans la transition \u00e9nerg\u00e9tique.<\/p>\n<p style=\"font-weight: 400\">\u00ab\u00a0Les personnes qui sont ici en ce moment se trouvent en fait au c\u0153ur m\u00eame de ce qui est probablement la chose la plus importante qui se passe dans le monde aujourd&rsquo;hui\u00a0\u00bb, a d\u00e9clar\u00e9 Mme Freeland aux journalistes et \u00e0 une foule de travailleurs lundi. \u00ab\u00a0Vous \u00eates \u00e0 l&rsquo;avant-garde, vous \u00eates si pr\u00e8s de devenir une plaque tournante mondiale pour les \u00e9nergies renouvelables, de devenir un pr\u00e9curseur dans le domaine de l&rsquo;hydrog\u00e8ne.<\/p>\n<p style=\"font-weight: 400\">Mme Freeland a pass\u00e9 la journ\u00e9e de lundi \u00e0 visiter l&rsquo;installation portuaire, qui devrait devenir un site de production d&rsquo;hydrog\u00e8ne. L&rsquo;hydrog\u00e8ne transform\u00e9 en ammoniac sera exp\u00e9di\u00e9 du port vers l&rsquo;Allemagne, qui cherche \u00e0 s&rsquo;affranchir des combustibles fossiles.<\/p>\n<p style=\"font-weight: 400\">Le ministre f\u00e9d\u00e9ral des finances a d\u00e9clar\u00e9 que le Canada avait r\u00e9alis\u00e9 des investissements strat\u00e9giques dans les \u00e9nergies vertes, citant les cr\u00e9dits d&rsquo;imp\u00f4t pour l&rsquo;hydrog\u00e8ne qui peuvent repr\u00e9senter jusqu&rsquo;\u00e0 40 % du co\u00fbt total d&rsquo;un projet, et la contribution f\u00e9d\u00e9rale de 38 millions de dollars \u00e0 l&rsquo;expansion portuaire de 100 millions de dollars annonc\u00e9e en juillet.<\/p>\n<p><a href=\"https:\/\/www.cbc.ca\/news\/canada\/newfoundland-labrador\/freeland-port-of-argentia-1.6950032#:~:text=Walking%20on%20the%20grounds%20of,in%20the%20global%20energy%20transition.\">Lire l&rsquo;article complet \u00ab\u00a0<\/a><\/p>\n<p>&nbsp;<\/p>\n<p><img loading=\"lazy\" decoding=\"async\" class=\"alignnone size-full wp-image-8776\" src=\"https:\/\/patternenergy.com\/wp-content\/uploads\/2023\/08\/Argentia_Renewables-Depty_PM_Chrystia_Freeland.jpg\" alt=\"\" width=\"1000\" height=\"800\"><\/p>\n","protected":false},"excerpt":{"rendered":"<p>Se promenant sur le site du port d&rsquo;Argentia, la vice-premi\u00e8re ministre Chrystia Freeland a vant\u00e9 les m\u00e9rites de Terre-Neuve-et-Labrador, qui est sur le point de devenir un chef de file mondial dans la transition \u00e9nerg\u00e9tique. \u00ab\u00a0Les personnes qui sont ici en ce moment se trouvent en fait au c\u0153ur m\u00eame de ce qui est probablement [&hellip;]<\/p>\n","protected":false},"author":1,"featured_media":324,"comment_status":"closed","ping_status":"closed","sticky":false,"template":"","format":"standard","meta":{"_acf_changed":false,"footnotes":""},"categories":[405,411,408],"tags":[455],"class_list":["post-13249","post","type-post","status-publish","format-standard","has-post-thumbnail","hentry","category-canada-fr","category-histoires-de-pattern-canada","category-nouvelles-de-pattern-energy","tag-argentia-renouvelable"],"acf":[],"yoast_head":"<!-- This site is optimized with the Yoast SEO plugin v27.4 - https:\/\/yoast.com\/product\/yoast-seo-wordpress\/ -->\n<title>Argentia sera \u00ab\u00a0un pionnier de l&rsquo;hydrog\u00e8ne\u00a0\u00bb dans la transition mondiale, d\u00e9clare le vice-Premier ministre - Pattern Energy - Canada<\/title>\n<meta name=\"robots\" content=\"index, follow, max-snippet:-1, max-image-preview:large, max-video-preview:-1\" \/>\n<link rel=\"canonical\" href=\"https:\/\/patterncanada.ca\/fr\/argentia-sera-un-pionnier-de-lhydrogene-dans-la-transition-mondiale-declare-le-vice-premier-ministre\/\" \/>\n<meta property=\"og:locale\" content=\"fr_FR\" \/>\n<meta property=\"og:type\" content=\"article\" \/>\n<meta property=\"og:title\" content=\"Argentia sera \u00ab\u00a0un pionnier de l&rsquo;hydrog\u00e8ne\u00a0\u00bb dans la transition mondiale, d\u00e9clare le vice-Premier ministre - Pattern Energy - Canada\" \/>\n<meta property=\"og:description\" content=\"Se promenant sur le site du port d&rsquo;Argentia, la vice-premi\u00e8re ministre Chrystia Freeland a vant\u00e9 les m\u00e9rites de Terre-Neuve-et-Labrador, qui est sur le point de devenir un chef de file mondial dans la transition \u00e9nerg\u00e9tique. \u00ab\u00a0Les personnes qui sont ici en ce moment se trouvent en fait au c\u0153ur m\u00eame de ce qui est probablement [&hellip;]\" \/>\n<meta property=\"og:url\" content=\"https:\/\/patterncanada.ca\/fr\/argentia-sera-un-pionnier-de-lhydrogene-dans-la-transition-mondiale-declare-le-vice-premier-ministre\/\" \/>\n<meta property=\"og:site_name\" content=\"Pattern Energy - Canada\" \/>\n<meta property=\"article:publisher\" content=\"https:\/\/www.facebook.com\/PatternCanada\" \/>\n<meta property=\"article:published_time\" content=\"2023-08-29T19:40:44+00:00\" \/>\n<meta property=\"article:modified_time\" content=\"2025-09-08T10:18:11+00:00\" \/>\n<meta property=\"og:image\" content=\"https:\/\/patterncanada.ca\/wp-content\/uploads\/2023\/08\/Argentia-Renewabels-Deputy-PM.jpg\" \/>\n\t<meta property=\"og:image:width\" content=\"800\" \/>\n\t<meta property=\"og:image:height\" content=\"800\" \/>\n\t<meta property=\"og:image:type\" content=\"image\/jpeg\" \/>\n<meta name=\"author\" content=\"patternstage\" \/>\n<meta name=\"twitter:card\" content=\"summary_large_image\" \/>\n<meta name=\"twitter:label1\" content=\"Written by\" \/>\n\t<meta name=\"twitter:data1\" content=\"patternstage\" \/>\n\t<meta name=\"twitter:label2\" content=\"Est. reading time\" \/>\n\t<meta name=\"twitter:data2\" content=\"1 minute\" \/>\n<script type=\"application\/ld+json\" class=\"yoast-schema-graph\">{\"@context\":\"https:\\\/\\\/schema.org\",\"@graph\":[{\"@type\":\"Article\",\"@id\":\"https:\\\/\\\/patterncanada.ca\\\/fr\\\/argentia-sera-un-pionnier-de-lhydrogene-dans-la-transition-mondiale-declare-le-vice-premier-ministre\\\/#article\",\"isPartOf\":{\"@id\":\"https:\\\/\\\/patterncanada.ca\\\/fr\\\/argentia-sera-un-pionnier-de-lhydrogene-dans-la-transition-mondiale-declare-le-vice-premier-ministre\\\/\"},\"author\":{\"name\":\"patternstage\",\"@id\":\"https:\\\/\\\/patterncanada.ca\\\/fr\\\/#\\\/schema\\\/person\\\/c81f8f89e0ef2f897cb0a03ea8b07b8e\"},\"headline\":\"Argentia sera \u00ab\u00a0un pionnier de l&rsquo;hydrog\u00e8ne\u00a0\u00bb dans la transition mondiale, d\u00e9clare le vice-Premier ministre\",\"datePublished\":\"2023-08-29T19:40:44+00:00\",\"dateModified\":\"2025-09-08T10:18:11+00:00\",\"mainEntityOfPage\":{\"@id\":\"https:\\\/\\\/patterncanada.ca\\\/fr\\\/argentia-sera-un-pionnier-de-lhydrogene-dans-la-transition-mondiale-declare-le-vice-premier-ministre\\\/\"},\"wordCount\":253,\"publisher\":{\"@id\":\"https:\\\/\\\/patterncanada.ca\\\/fr\\\/#organization\"},\"image\":{\"@id\":\"https:\\\/\\\/patterncanada.ca\\\/fr\\\/argentia-sera-un-pionnier-de-lhydrogene-dans-la-transition-mondiale-declare-le-vice-premier-ministre\\\/#primaryimage\"},\"thumbnailUrl\":\"https:\\\/\\\/patterncanada.ca\\\/wp-content\\\/uploads\\\/2023\\\/08\\\/Argentia-Renewabels-Deputy-PM.jpg\",\"keywords\":[\"Argentia Renouvelable\"],\"articleSection\":[\"Canada\",\"Histoires de Pattern Canada\",\"Nouvelles de Pattern Energy\"],\"inLanguage\":\"fr-FR\"},{\"@type\":\"WebPage\",\"@id\":\"https:\\\/\\\/patterncanada.ca\\\/fr\\\/argentia-sera-un-pionnier-de-lhydrogene-dans-la-transition-mondiale-declare-le-vice-premier-ministre\\\/\",\"url\":\"https:\\\/\\\/patterncanada.ca\\\/fr\\\/argentia-sera-un-pionnier-de-lhydrogene-dans-la-transition-mondiale-declare-le-vice-premier-ministre\\\/\",\"name\":\"Argentia sera \u00ab\u00a0un pionnier de l&rsquo;hydrog\u00e8ne\u00a0\u00bb dans la transition mondiale, d\u00e9clare le vice-Premier ministre - Pattern Energy - Canada\",\"isPartOf\":{\"@id\":\"https:\\\/\\\/patterncanada.ca\\\/fr\\\/#website\"},\"primaryImageOfPage\":{\"@id\":\"https:\\\/\\\/patterncanada.ca\\\/fr\\\/argentia-sera-un-pionnier-de-lhydrogene-dans-la-transition-mondiale-declare-le-vice-premier-ministre\\\/#primaryimage\"},\"image\":{\"@id\":\"https:\\\/\\\/patterncanada.ca\\\/fr\\\/argentia-sera-un-pionnier-de-lhydrogene-dans-la-transition-mondiale-declare-le-vice-premier-ministre\\\/#primaryimage\"},\"thumbnailUrl\":\"https:\\\/\\\/patterncanada.ca\\\/wp-content\\\/uploads\\\/2023\\\/08\\\/Argentia-Renewabels-Deputy-PM.jpg\",\"datePublished\":\"2023-08-29T19:40:44+00:00\",\"dateModified\":\"2025-09-08T10:18:11+00:00\",\"breadcrumb\":{\"@id\":\"https:\\\/\\\/patterncanada.ca\\\/fr\\\/argentia-sera-un-pionnier-de-lhydrogene-dans-la-transition-mondiale-declare-le-vice-premier-ministre\\\/#breadcrumb\"},\"inLanguage\":\"fr-FR\",\"potentialAction\":[{\"@type\":\"ReadAction\",\"target\":[\"https:\\\/\\\/patterncanada.ca\\\/fr\\\/argentia-sera-un-pionnier-de-lhydrogene-dans-la-transition-mondiale-declare-le-vice-premier-ministre\\\/\"]}]},{\"@type\":\"ImageObject\",\"inLanguage\":\"fr-FR\",\"@id\":\"https:\\\/\\\/patterncanada.ca\\\/fr\\\/argentia-sera-un-pionnier-de-lhydrogene-dans-la-transition-mondiale-declare-le-vice-premier-ministre\\\/#primaryimage\",\"url\":\"https:\\\/\\\/patterncanada.ca\\\/wp-content\\\/uploads\\\/2023\\\/08\\\/Argentia-Renewabels-Deputy-PM.jpg\",\"contentUrl\":\"https:\\\/\\\/patterncanada.ca\\\/wp-content\\\/uploads\\\/2023\\\/08\\\/Argentia-Renewabels-Deputy-PM.jpg\",\"width\":800,\"height\":800},{\"@type\":\"BreadcrumbList\",\"@id\":\"https:\\\/\\\/patterncanada.ca\\\/fr\\\/argentia-sera-un-pionnier-de-lhydrogene-dans-la-transition-mondiale-declare-le-vice-premier-ministre\\\/#breadcrumb\",\"itemListElement\":[{\"@type\":\"ListItem\",\"position\":1,\"name\":\"Home\",\"item\":\"https:\\\/\\\/patterncanada.ca\\\/fr\\\/\"},{\"@type\":\"ListItem\",\"position\":2,\"name\":\"Argentia sera \u00ab\u00a0un pionnier de l&rsquo;hydrog\u00e8ne\u00a0\u00bb dans la transition mondiale, d\u00e9clare le vice-Premier ministre\"}]},{\"@type\":\"WebSite\",\"@id\":\"https:\\\/\\\/patterncanada.ca\\\/fr\\\/#website\",\"url\":\"https:\\\/\\\/patterncanada.ca\\\/fr\\\/\",\"name\":\"Pattern Energy - Canada\",\"description\":\"Canadian Commitment. Global Company.\",\"publisher\":{\"@id\":\"https:\\\/\\\/patterncanada.ca\\\/fr\\\/#organization\"},\"potentialAction\":[{\"@type\":\"SearchAction\",\"target\":{\"@type\":\"EntryPoint\",\"urlTemplate\":\"https:\\\/\\\/patterncanada.ca\\\/fr\\\/?s={search_term_string}\"},\"query-input\":{\"@type\":\"PropertyValueSpecification\",\"valueRequired\":true,\"valueName\":\"search_term_string\"}}],\"inLanguage\":\"fr-FR\"},{\"@type\":\"Organization\",\"@id\":\"https:\\\/\\\/patterncanada.ca\\\/fr\\\/#organization\",\"name\":\"Pattern Energy - Canada\",\"url\":\"https:\\\/\\\/patterncanada.ca\\\/fr\\\/\",\"logo\":{\"@type\":\"ImageObject\",\"inLanguage\":\"fr-FR\",\"@id\":\"https:\\\/\\\/patterncanada.ca\\\/fr\\\/#\\\/schema\\\/logo\\\/image\\\/\",\"url\":\"https:\\\/\\\/patterncanada.ca\\\/wp-content\\\/uploads\\\/2025\\\/09\\\/share-ca.jpg\",\"contentUrl\":\"https:\\\/\\\/patterncanada.ca\\\/wp-content\\\/uploads\\\/2025\\\/09\\\/share-ca.jpg\",\"width\":1200,\"height\":628,\"caption\":\"Pattern Energy - Canada\"},\"image\":{\"@id\":\"https:\\\/\\\/patterncanada.ca\\\/fr\\\/#\\\/schema\\\/logo\\\/image\\\/\"},\"sameAs\":[\"https:\\\/\\\/www.facebook.com\\\/PatternCanada\",\"https:\\\/\\\/www.instagram.com\\\/patternenergycanada\\\/\",\"https:\\\/\\\/web.cauze.com\\\/company\\\/293\"]},{\"@type\":\"Person\",\"@id\":\"https:\\\/\\\/patterncanada.ca\\\/fr\\\/#\\\/schema\\\/person\\\/c81f8f89e0ef2f897cb0a03ea8b07b8e\",\"name\":\"patternstage\",\"image\":{\"@type\":\"ImageObject\",\"inLanguage\":\"fr-FR\",\"@id\":\"https:\\\/\\\/secure.gravatar.com\\\/avatar\\\/ef4f52db0d239637fc23bcd8dcb7c975e95b8b16f80c234e9b204c1d35b29c81?s=96&d=mm&r=g\",\"url\":\"https:\\\/\\\/secure.gravatar.com\\\/avatar\\\/ef4f52db0d239637fc23bcd8dcb7c975e95b8b16f80c234e9b204c1d35b29c81?s=96&d=mm&r=g\",\"contentUrl\":\"https:\\\/\\\/secure.gravatar.com\\\/avatar\\\/ef4f52db0d239637fc23bcd8dcb7c975e95b8b16f80c234e9b204c1d35b29c81?s=96&d=mm&r=g\",\"caption\":\"patternstage\"},\"sameAs\":[\"https:\\\/\\\/patterncanada.ca\"],\"url\":\"https:\\\/\\\/patterncanada.ca\\\/fr\\\/author\\\/patternstage\\\/\"}]}<\/script>\n<!-- \/ Yoast SEO plugin. -->","yoast_head_json":{"title":"Argentia sera \u00ab\u00a0un pionnier de l&rsquo;hydrog\u00e8ne\u00a0\u00bb dans la transition mondiale, d\u00e9clare le vice-Premier ministre - Pattern Energy - Canada","robots":{"index":"index","follow":"follow","max-snippet":"max-snippet:-1","max-image-preview":"max-image-preview:large","max-video-preview":"max-video-preview:-1"},"canonical":"https:\/\/patterncanada.ca\/fr\/argentia-sera-un-pionnier-de-lhydrogene-dans-la-transition-mondiale-declare-le-vice-premier-ministre\/","og_locale":"fr_FR","og_type":"article","og_title":"Argentia sera \u00ab\u00a0un pionnier de l&rsquo;hydrog\u00e8ne\u00a0\u00bb dans la transition mondiale, d\u00e9clare le vice-Premier ministre - Pattern Energy - Canada","og_description":"Se promenant sur le site du port d&rsquo;Argentia, la vice-premi\u00e8re ministre Chrystia Freeland a vant\u00e9 les m\u00e9rites de Terre-Neuve-et-Labrador, qui est sur le point de devenir un chef de file mondial dans la transition \u00e9nerg\u00e9tique. \u00ab\u00a0Les personnes qui sont ici en ce moment se trouvent en fait au c\u0153ur m\u00eame de ce qui est probablement [&hellip;]","og_url":"https:\/\/patterncanada.ca\/fr\/argentia-sera-un-pionnier-de-lhydrogene-dans-la-transition-mondiale-declare-le-vice-premier-ministre\/","og_site_name":"Pattern Energy - Canada","article_publisher":"https:\/\/www.facebook.com\/PatternCanada","article_published_time":"2023-08-29T19:40:44+00:00","article_modified_time":"2025-09-08T10:18:11+00:00","og_image":[{"width":800,"height":800,"url":"https:\/\/patterncanada.ca\/wp-content\/uploads\/2023\/08\/Argentia-Renewabels-Deputy-PM.jpg","type":"image\/jpeg"}],"author":"patternstage","twitter_card":"summary_large_image","twitter_misc":{"Written by":"patternstage","Est. reading time":"1 minute"},"schema":{"@context":"https:\/\/schema.org","@graph":[{"@type":"Article","@id":"https:\/\/patterncanada.ca\/fr\/argentia-sera-un-pionnier-de-lhydrogene-dans-la-transition-mondiale-declare-le-vice-premier-ministre\/#article","isPartOf":{"@id":"https:\/\/patterncanada.ca\/fr\/argentia-sera-un-pionnier-de-lhydrogene-dans-la-transition-mondiale-declare-le-vice-premier-ministre\/"},"author":{"name":"patternstage","@id":"https:\/\/patterncanada.ca\/fr\/#\/schema\/person\/c81f8f89e0ef2f897cb0a03ea8b07b8e"},"headline":"Argentia sera \u00ab\u00a0un pionnier de l&rsquo;hydrog\u00e8ne\u00a0\u00bb dans la transition mondiale, d\u00e9clare le vice-Premier ministre","datePublished":"2023-08-29T19:40:44+00:00","dateModified":"2025-09-08T10:18:11+00:00","mainEntityOfPage":{"@id":"https:\/\/patterncanada.ca\/fr\/argentia-sera-un-pionnier-de-lhydrogene-dans-la-transition-mondiale-declare-le-vice-premier-ministre\/"},"wordCount":253,"publisher":{"@id":"https:\/\/patterncanada.ca\/fr\/#organization"},"image":{"@id":"https:\/\/patterncanada.ca\/fr\/argentia-sera-un-pionnier-de-lhydrogene-dans-la-transition-mondiale-declare-le-vice-premier-ministre\/#primaryimage"},"thumbnailUrl":"https:\/\/patterncanada.ca\/wp-content\/uploads\/2023\/08\/Argentia-Renewabels-Deputy-PM.jpg","keywords":["Argentia Renouvelable"],"articleSection":["Canada","Histoires de Pattern Canada","Nouvelles de Pattern Energy"],"inLanguage":"fr-FR"},{"@type":"WebPage","@id":"https:\/\/patterncanada.ca\/fr\/argentia-sera-un-pionnier-de-lhydrogene-dans-la-transition-mondiale-declare-le-vice-premier-ministre\/","url":"https:\/\/patterncanada.ca\/fr\/argentia-sera-un-pionnier-de-lhydrogene-dans-la-transition-mondiale-declare-le-vice-premier-ministre\/","name":"Argentia sera \u00ab\u00a0un pionnier de l&rsquo;hydrog\u00e8ne\u00a0\u00bb dans la transition mondiale, d\u00e9clare le vice-Premier ministre - Pattern Energy - Canada","isPartOf":{"@id":"https:\/\/patterncanada.ca\/fr\/#website"},"primaryImageOfPage":{"@id":"https:\/\/patterncanada.ca\/fr\/argentia-sera-un-pionnier-de-lhydrogene-dans-la-transition-mondiale-declare-le-vice-premier-ministre\/#primaryimage"},"image":{"@id":"https:\/\/patterncanada.ca\/fr\/argentia-sera-un-pionnier-de-lhydrogene-dans-la-transition-mondiale-declare-le-vice-premier-ministre\/#primaryimage"},"thumbnailUrl":"https:\/\/patterncanada.ca\/wp-content\/uploads\/2023\/08\/Argentia-Renewabels-Deputy-PM.jpg","datePublished":"2023-08-29T19:40:44+00:00","dateModified":"2025-09-08T10:18:11+00:00","breadcrumb":{"@id":"https:\/\/patterncanada.ca\/fr\/argentia-sera-un-pionnier-de-lhydrogene-dans-la-transition-mondiale-declare-le-vice-premier-ministre\/#breadcrumb"},"inLanguage":"fr-FR","potentialAction":[{"@type":"ReadAction","target":["https:\/\/patterncanada.ca\/fr\/argentia-sera-un-pionnier-de-lhydrogene-dans-la-transition-mondiale-declare-le-vice-premier-ministre\/"]}]},{"@type":"ImageObject","inLanguage":"fr-FR","@id":"https:\/\/patterncanada.ca\/fr\/argentia-sera-un-pionnier-de-lhydrogene-dans-la-transition-mondiale-declare-le-vice-premier-ministre\/#primaryimage","url":"https:\/\/patterncanada.ca\/wp-content\/uploads\/2023\/08\/Argentia-Renewabels-Deputy-PM.jpg","contentUrl":"https:\/\/patterncanada.ca\/wp-content\/uploads\/2023\/08\/Argentia-Renewabels-Deputy-PM.jpg","width":800,"height":800},{"@type":"BreadcrumbList","@id":"https:\/\/patterncanada.ca\/fr\/argentia-sera-un-pionnier-de-lhydrogene-dans-la-transition-mondiale-declare-le-vice-premier-ministre\/#breadcrumb","itemListElement":[{"@type":"ListItem","position":1,"name":"Home","item":"https:\/\/patterncanada.ca\/fr\/"},{"@type":"ListItem","position":2,"name":"Argentia sera \u00ab\u00a0un pionnier de l&rsquo;hydrog\u00e8ne\u00a0\u00bb dans la transition mondiale, d\u00e9clare le vice-Premier ministre"}]},{"@type":"WebSite","@id":"https:\/\/patterncanada.ca\/fr\/#website","url":"https:\/\/patterncanada.ca\/fr\/","name":"Pattern Energy - Canada","description":"Canadian Commitment. Global Company.","publisher":{"@id":"https:\/\/patterncanada.ca\/fr\/#organization"},"potentialAction":[{"@type":"SearchAction","target":{"@type":"EntryPoint","urlTemplate":"https:\/\/patterncanada.ca\/fr\/?s={search_term_string}"},"query-input":{"@type":"PropertyValueSpecification","valueRequired":true,"valueName":"search_term_string"}}],"inLanguage":"fr-FR"},{"@type":"Organization","@id":"https:\/\/patterncanada.ca\/fr\/#organization","name":"Pattern Energy - Canada","url":"https:\/\/patterncanada.ca\/fr\/","logo":{"@type":"ImageObject","inLanguage":"fr-FR","@id":"https:\/\/patterncanada.ca\/fr\/#\/schema\/logo\/image\/","url":"https:\/\/patterncanada.ca\/wp-content\/uploads\/2025\/09\/share-ca.jpg","contentUrl":"https:\/\/patterncanada.ca\/wp-content\/uploads\/2025\/09\/share-ca.jpg","width":1200,"height":628,"caption":"Pattern Energy - Canada"},"image":{"@id":"https:\/\/patterncanada.ca\/fr\/#\/schema\/logo\/image\/"},"sameAs":["https:\/\/www.facebook.com\/PatternCanada","https:\/\/www.instagram.com\/patternenergycanada\/","https:\/\/web.cauze.com\/company\/293"]},{"@type":"Person","@id":"https:\/\/patterncanada.ca\/fr\/#\/schema\/person\/c81f8f89e0ef2f897cb0a03ea8b07b8e","name":"patternstage","image":{"@type":"ImageObject","inLanguage":"fr-FR","@id":"https:\/\/secure.gravatar.com\/avatar\/ef4f52db0d239637fc23bcd8dcb7c975e95b8b16f80c234e9b204c1d35b29c81?s=96&d=mm&r=g","url":"https:\/\/secure.gravatar.com\/avatar\/ef4f52db0d239637fc23bcd8dcb7c975e95b8b16f80c234e9b204c1d35b29c81?s=96&d=mm&r=g","contentUrl":"https:\/\/secure.gravatar.com\/avatar\/ef4f52db0d239637fc23bcd8dcb7c975e95b8b16f80c234e9b204c1d35b29c81?s=96&d=mm&r=g","caption":"patternstage"},"sameAs":["https:\/\/patterncanada.ca"],"url":"https:\/\/patterncanada.ca\/fr\/author\/patternstage\/"}]}},"_links":{"self":[{"href":"https:\/\/patterncanada.ca\/fr\/wp-json\/wp\/v2\/posts\/13249","targetHints":{"allow":["GET"]}}],"collection":[{"href":"https:\/\/patterncanada.ca\/fr\/wp-json\/wp\/v2\/posts"}],"about":[{"href":"https:\/\/patterncanada.ca\/fr\/wp-json\/wp\/v2\/types\/post"}],"author":[{"embeddable":true,"href":"https:\/\/patterncanada.ca\/fr\/wp-json\/wp\/v2\/users\/1"}],"replies":[{"embeddable":true,"href":"https:\/\/patterncanada.ca\/fr\/wp-json\/wp\/v2\/comments?post=13249"}],"version-history":[{"count":0,"href":"https:\/\/patterncanada.ca\/fr\/wp-json\/wp\/v2\/posts\/13249\/revisions"}],"wp:featuredmedia":[{"embeddable":true,"href":"https:\/\/patterncanada.ca\/fr\/wp-json\/wp\/v2\/media\/324"}],"wp:attachment":[{"href":"https:\/\/patterncanada.ca\/fr\/wp-json\/wp\/v2\/media?parent=13249"}],"wp:term":[{"taxonomy":"category","embeddable":true,"href":"https:\/\/patterncanada.ca\/fr\/wp-json\/wp\/v2\/categories?post=13249"},{"taxonomy":"post_tag","embeddable":true,"href":"https:\/\/patterncanada.ca\/fr\/wp-json\/wp\/v2\/tags?post=13249"}],"curies":[{"name":"wp","href":"https:\/\/api.w.org\/{rel}","templated":true}]}}