{"id":15296,"date":"2026-09-04T11:00:36","date_gmt":"2026-09-04T11:00:36","guid":{"rendered":"https:\/\/patterncanada.ca\/presentation-du-projet-eolien-dosgood-aux-collectivites-locales\/"},"modified":"2026-09-04T13:56:04","modified_gmt":"2026-09-04T13:56:04","slug":"presentation-du-projet-eolien-dosgood-aux-collectivites-locales","status":"publish","type":"post","link":"https:\/\/patterncanada.ca\/fr\/presentation-du-projet-eolien-dosgood-aux-collectivites-locales\/","title":{"rendered":"Le projet \u00e9olien Osgood pr\u00e9sent\u00e9 aux citoyens"},"content":{"rendered":"<p><strong>Montr\u00e9al, le 4 septembre 2026<\/strong> \u2013 Pattern Canada, en collaboration avec le Connectif des sommets et la Nation W8banaki, a accueilli jeudi soir plus d\u2019une centaine de citoyens, de repr\u00e9sentants municipaux et de propri\u00e9taires fonciers du Centre-du-Qu\u00e9bec et de Chaudi\u00e8re-Appalaches pour leur pr\u00e9senter le projet \u00e9olien Osgood, en phase de d\u00e9veloppement pr\u00e9liminaire.<\/p>\n<p>La soir\u00e9e portes ouvertes, dont le but \u00e9tait d\u2019informer la population \u00e0 propos du projet \u00e9olien, s\u2019est tenue \u00e0 Saint-Jacques-de-Leeds, une municipalit\u00e9 qui accueillera une partie des infrastructures si le projet est s\u00e9lectionn\u00e9 par Hydro-Qu\u00e9bec dans le cadre de l\u2019appel d\u2019offres \u00e9olien A\/O 2026-01.<\/p>\n<p>Les \u00e9quipes de Pattern et du Connectif des sommets, ainsi que leurs partenaires municipaux, ont profit\u00e9 de cette occasion pour recueillir les commentaires et les questions du public. L\u2019\u00e9quipe de d\u00e9veloppement pr\u00e9sentera une version bonifi\u00e9e du projet lors d\u2019une seconde consultation publique, pr\u00e9vue \u00e0 la fin de l\u2019automne. <\/p>\n<p>Depuis plus de 15 ans, Pattern d\u00e9veloppe et exploite des infrastructures \u00e9nerg\u00e9tiques partout au Canada. Au Qu\u00e9bec, l\u2019entreprise est active dans le Centre-du-Qu\u00e9bec et en Chaudi\u00e8re-Appalaches avec le projet Broughton (en d\u00e9veloppement) et le parc \u00e9olien Mont Sainte-Marguerite (en exploitation depuis 2018), tout en maintenant une pr\u00e9sence locale gr\u00e2ce \u00e0 ses \u00e9quipes de Montr\u00e9al et de Saint-S\u00e9verin. <\/p>\n<h2><strong>Citations<\/strong><\/h2>\n<blockquote><p><em>\u00ab Ce premier rendez-vous \u00e9tait une fa\u00e7on pour Pattern de pr\u00e9senter son projet Osgood, d\u2019\u00e9couter la population locale et de prendre des notes en vue de concevoir un parc \u00e9olien qui saura produire de l\u2019\u00e9lectricit\u00e9 propre, stimuler l\u2019\u00e9conomie r\u00e9gionale et contribuer \u00e0 d\u00e9carboner le Qu\u00e9bec. \u00bb <\/em><\/p>\n<p>William Shemie,<br \/>\ndirecteur du d\u00e9veloppement, Pattern Canada<\/p>\n<p>&nbsp;<\/p>\n<p><em>\u00ab Le projet Osgood est un bel exemple de projet qui r\u00e9pond aux objectifs du Connectif. Nous appuyons le projet parce qu\u2019il permettra de favoriser de v\u00e9ritables retomb\u00e9es pour la communaut\u00e9. Nous tenons \u00e0 remercier toutes les personnes qui se sont d\u00e9plac\u00e9es pour en prendre connaissance, transmettre leurs pr\u00e9occupations et leurs id\u00e9es. Le Connectif jouera son r\u00f4le et demeure connect\u00e9 sur les besoins des communaut\u00e9s. \u00bb<\/em><\/p>\n<p>Gervais Pellerin,<br \/>\npr\u00e9sident du Connectif des sommets et pr\u00e9fet de la MRC de L\u2019\u00c9rable<\/p><\/blockquote>\n<h2><strong>Faits saillants<\/strong><\/h2>\n<ul>\n<li>Le projet pr\u00e9voit quelque 25 \u00e9oliennes, d\u2019une puissance combin\u00e9e pouvant atteindre jusqu\u2019\u00e0 200 m\u00e9gawatts, ce qui correspond aux besoins annuels de quelque 30 000 foyers qu\u00e9b\u00e9cois.<\/li>\n<li>Le projet se situe dans les municipalit\u00e9s de Saint-Jacques-de-Leeds et d\u2019Inverness et s&rsquo;\u00e9tend, dans une moindre mesure, \u00e0 certains secteurs de Sainte-Agathe-de-Lotbini\u00e8re, de Saint-Pierre-de-Broughton (nord) et de Saint-Sylvestre.<\/li>\n<li>Le projet pr\u00e9voit la cr\u00e9ation de plus de 200 emplois durant la construction, et entre 7 et 10 emplois permanents une fois sa mise en service compl\u00e9t\u00e9e, vers 2032.<\/li>\n<\/ul>\n<p>&nbsp;<\/p>\n<p><strong>\u00c0 propos de Pattern Canada<\/strong><\/p>\n<p>Pattern Canada est un chef de file dans le d\u00e9veloppement et l\u2019exploitation d\u2019infrastructures de production et de transport d\u2019\u00e9nergies renouvelables. D\u00e9tenue majoritairement par l\u2019Office d\u2019investissement du R\u00e9gime de pensions du Canada, l\u2019entreprise exploite l\u2019une des plus importantes flottes \u00e9oliennes du Canada. Fi\u00e8re de participer \u00e0 la s\u00e9curit\u00e9 du revenu de retraite des Canadiens et de b\u00e2tir les infrastructures \u00e9nerg\u00e9tiques de demain, Pattern r\u00e9pond \u00e0 la demande croissante en \u00e9nergie en misant sur le d\u00e9veloppement responsable et le renforcement des communaut\u00e9s. Pour en savoir plus, consultez patterncanada.com.   <\/p>\n<p><strong>\u00c0 propos du Connectif des sommets<\/strong><\/p>\n<p>Le\u202fConnectif des sommets est une r\u00e9gie \u00e9nerg\u00e9tique et intermunicipale visant \u00e0 repr\u00e9senter les communaut\u00e9s et\u202f\u00e0\u202ftirer des b\u00e9n\u00e9fices concrets d\u2019\u00e9ventuels projets \u00e9oliens ou de projets de production d\u2019\u00e9lectricit\u00e9 provenant d\u2019une source d\u2019\u00e9nergie renouvelable sur les territoires des MRC des Appalaches, de L\u2019\u00c9rable et de Lotbini\u00e8re.<\/p>\n<p>Le Connectif collabore avec l\u2019\u00e9quipe du parc \u00e9olien Osgood afin d\u2019assurer un encadrement de la d\u00e9marche consultative, le respect des communaut\u00e9s vis\u00e9es dans l\u2019aire du projet et de maximiser les retomb\u00e9es locales et r\u00e9gionales.<\/p>\n<p>&nbsp;<\/p>\n<p><strong>Pour plus d&rsquo;informations<\/strong><\/p>\n<p>Site Web du projet Osgood : https:\/\/parceolienosgood.ca<br \/>\nSite Web du Connectif des Sommets : www.connectifdessommets.ca<br \/>\nRelations m\u00e9dias, Pattern Canada : <a href=\"mailto:media@patterncanada.ca\">media@patterncanada.ca<\/a><\/p>\n<p><strong>Connectif des Sommets<\/strong><\/p>\n<p><strong>\u00c9z\u00e9chiel Simoneau<\/strong><br \/>\nCoordinateur du d\u00e9veloppement durable<br \/>\nMRC de L&rsquo;\u00c9rable<br \/>\nesimoneau@erable.ca<br \/>\n819-362-2333, poste 1226<\/p>\n<p><strong>Gina Turgeon<\/strong><br \/>\nDirectrice de la planification et du d\u00e9veloppement r\u00e9gional<br \/>\nMRC des Appalaches<br \/>\ngturgeon@mrcdesappalaches.ca<br \/>\n418-332-2757, poste 232<\/p>\n<div><\/div>\n<div><\/div>\n<p>&nbsp;<\/p>\n","protected":false},"excerpt":{"rendered":"<p>Montr\u00e9al, le 4 septembre 2026 \u2013 Pattern Canada, en collaboration avec le Connectif des sommets et la Nation W8banaki, a accueilli jeudi soir plus d\u2019une centaine de citoyens, de repr\u00e9sentants municipaux et de propri\u00e9taires fonciers du Centre-du-Qu\u00e9bec et de Chaudi\u00e8re-Appalaches pour leur pr\u00e9senter le projet \u00e9olien Osgood, en phase de d\u00e9veloppement pr\u00e9liminaire. La soir\u00e9e portes [&hellip;]<\/p>\n","protected":false},"author":1,"featured_media":8545,"comment_status":"closed","ping_status":"closed","sticky":false,"template":"","format":"standard","meta":{"_acf_changed":false,"footnotes":""},"categories":[405,406],"tags":[],"class_list":["post-15296","post","type-post","status-publish","format-standard","has-post-thumbnail","hentry","category-canada-fr","category-communique-de-presse"],"acf":[],"yoast_head":"<!-- This site is optimized with the Yoast SEO plugin v28.4 - https:\/\/yoast.com\/product\/yoast-seo-wordpress\/ -->\n<title>Le projet \u00e9olien Osgood pr\u00e9sent\u00e9 aux citoyens - Pattern Energy - Canada<\/title>\n<meta name=\"robots\" content=\"index, follow, max-snippet:-1, max-image-preview:large, max-video-preview:-1\" \/>\n<link rel=\"canonical\" href=\"https:\/\/patterncanada.ca\/fr\/presentation-du-projet-eolien-dosgood-aux-collectivites-locales\/\" \/>\n<meta property=\"og:locale\" content=\"fr_FR\" \/>\n<meta property=\"og:type\" content=\"article\" \/>\n<meta property=\"og:title\" content=\"Le projet \u00e9olien Osgood pr\u00e9sent\u00e9 aux citoyens - Pattern Energy - Canada\" \/>\n<meta property=\"og:description\" content=\"Montr\u00e9al, le 4 septembre 2026 \u2013 Pattern Canada, en collaboration avec le Connectif des sommets et la Nation W8banaki, a accueilli jeudi soir plus d\u2019une centaine de citoyens, de repr\u00e9sentants municipaux et de propri\u00e9taires fonciers du Centre-du-Qu\u00e9bec et de Chaudi\u00e8re-Appalaches pour leur pr\u00e9senter le projet \u00e9olien Osgood, en phase de d\u00e9veloppement pr\u00e9liminaire. La soir\u00e9e portes [&hellip;]\" \/>\n<meta property=\"og:url\" content=\"https:\/\/patterncanada.ca\/fr\/presentation-du-projet-eolien-dosgood-aux-collectivites-locales\/\" \/>\n<meta property=\"og:site_name\" content=\"Pattern Energy - Canada\" \/>\n<meta property=\"article:publisher\" content=\"https:\/\/www.facebook.com\/PatternCanada\" \/>\n<meta property=\"article:published_time\" content=\"2026-09-04T11:00:36+00:00\" \/>\n<meta property=\"article:modified_time\" content=\"2026-09-04T13:56:04+00:00\" \/>\n<meta property=\"og:image\" content=\"https:\/\/patterncanada.ca\/wp-content\/uploads\/2025\/07\/Mont-Sainte-MargueriteSponsorship.jpg\" \/>\n\t<meta property=\"og:image:width\" content=\"800\" \/>\n\t<meta property=\"og:image:height\" content=\"800\" \/>\n\t<meta property=\"og:image:type\" content=\"image\/jpeg\" \/>\n<meta name=\"author\" content=\"patternstage\" \/>\n<meta name=\"twitter:card\" content=\"summary_large_image\" \/>\n<meta name=\"twitter:label1\" content=\"Written by\" \/>\n\t<meta name=\"twitter:data1\" content=\"patternstage\" \/>\n\t<meta name=\"twitter:label2\" content=\"Est. reading time\" \/>\n\t<meta name=\"twitter:data2\" content=\"4 minutes\" \/>\n<script type=\"application\/ld+json\" class=\"yoast-schema-graph\">{\"@context\":\"https:\\\/\\\/schema.org\",\"@graph\":[{\"@type\":\"Article\",\"@id\":\"https:\\\/\\\/patterncanada.ca\\\/fr\\\/presentation-du-projet-eolien-dosgood-aux-collectivites-locales\\\/#article\",\"isPartOf\":{\"@id\":\"https:\\\/\\\/patterncanada.ca\\\/fr\\\/presentation-du-projet-eolien-dosgood-aux-collectivites-locales\\\/\"},\"author\":{\"name\":\"patternstage\",\"@id\":\"https:\\\/\\\/patterncanada.ca\\\/fr\\\/#\\\/schema\\\/person\\\/c81f8f89e0ef2f897cb0a03ea8b07b8e\"},\"headline\":\"Le projet \u00e9olien Osgood pr\u00e9sent\u00e9 aux citoyens\",\"datePublished\":\"2026-09-04T11:00:36+00:00\",\"dateModified\":\"2026-09-04T13:56:04+00:00\",\"mainEntityOfPage\":{\"@id\":\"https:\\\/\\\/patterncanada.ca\\\/fr\\\/presentation-du-projet-eolien-dosgood-aux-collectivites-locales\\\/\"},\"wordCount\":761,\"publisher\":{\"@id\":\"https:\\\/\\\/patterncanada.ca\\\/fr\\\/#organization\"},\"image\":{\"@id\":\"https:\\\/\\\/patterncanada.ca\\\/fr\\\/presentation-du-projet-eolien-dosgood-aux-collectivites-locales\\\/#primaryimage\"},\"thumbnailUrl\":\"https:\\\/\\\/patterncanada.ca\\\/wp-content\\\/uploads\\\/2025\\\/07\\\/Mont-Sainte-MargueriteSponsorship.jpg\",\"articleSection\":[\"Canada\",\"Communiqu\u00e9 de presse\"],\"inLanguage\":\"fr-FR\"},{\"@type\":\"WebPage\",\"@id\":\"https:\\\/\\\/patterncanada.ca\\\/fr\\\/presentation-du-projet-eolien-dosgood-aux-collectivites-locales\\\/\",\"url\":\"https:\\\/\\\/patterncanada.ca\\\/fr\\\/presentation-du-projet-eolien-dosgood-aux-collectivites-locales\\\/\",\"name\":\"Le projet \u00e9olien Osgood pr\u00e9sent\u00e9 aux citoyens - Pattern Energy - Canada\",\"isPartOf\":{\"@id\":\"https:\\\/\\\/patterncanada.ca\\\/fr\\\/#website\"},\"primaryImageOfPage\":{\"@id\":\"https:\\\/\\\/patterncanada.ca\\\/fr\\\/presentation-du-projet-eolien-dosgood-aux-collectivites-locales\\\/#primaryimage\"},\"image\":{\"@id\":\"https:\\\/\\\/patterncanada.ca\\\/fr\\\/presentation-du-projet-eolien-dosgood-aux-collectivites-locales\\\/#primaryimage\"},\"thumbnailUrl\":\"https:\\\/\\\/patterncanada.ca\\\/wp-content\\\/uploads\\\/2025\\\/07\\\/Mont-Sainte-MargueriteSponsorship.jpg\",\"datePublished\":\"2026-09-04T11:00:36+00:00\",\"dateModified\":\"2026-09-04T13:56:04+00:00\",\"breadcrumb\":{\"@id\":\"https:\\\/\\\/patterncanada.ca\\\/fr\\\/presentation-du-projet-eolien-dosgood-aux-collectivites-locales\\\/#breadcrumb\"},\"inLanguage\":\"fr-FR\",\"potentialAction\":[{\"@type\":\"ReadAction\",\"target\":[\"https:\\\/\\\/patterncanada.ca\\\/fr\\\/presentation-du-projet-eolien-dosgood-aux-collectivites-locales\\\/\"]}]},{\"@type\":\"ImageObject\",\"inLanguage\":\"fr-FR\",\"@id\":\"https:\\\/\\\/patterncanada.ca\\\/fr\\\/presentation-du-projet-eolien-dosgood-aux-collectivites-locales\\\/#primaryimage\",\"url\":\"https:\\\/\\\/patterncanada.ca\\\/wp-content\\\/uploads\\\/2025\\\/07\\\/Mont-Sainte-MargueriteSponsorship.jpg\",\"contentUrl\":\"https:\\\/\\\/patterncanada.ca\\\/wp-content\\\/uploads\\\/2025\\\/07\\\/Mont-Sainte-MargueriteSponsorship.jpg\",\"width\":800,\"height\":800},{\"@type\":\"BreadcrumbList\",\"@id\":\"https:\\\/\\\/patterncanada.ca\\\/fr\\\/presentation-du-projet-eolien-dosgood-aux-collectivites-locales\\\/#breadcrumb\",\"itemListElement\":[{\"@type\":\"ListItem\",\"position\":1,\"name\":\"Home\",\"item\":\"https:\\\/\\\/patterncanada.ca\\\/fr\\\/home\\\/\"},{\"@type\":\"ListItem\",\"position\":2,\"name\":\"Le projet \u00e9olien Osgood pr\u00e9sent\u00e9 aux citoyens\"}]},{\"@type\":\"WebSite\",\"@id\":\"https:\\\/\\\/patterncanada.ca\\\/fr\\\/#website\",\"url\":\"https:\\\/\\\/patterncanada.ca\\\/fr\\\/\",\"name\":\"Pattern Energy - Canada\",\"description\":\"Canadian Commitment. Global Company.\",\"publisher\":{\"@id\":\"https:\\\/\\\/patterncanada.ca\\\/fr\\\/#organization\"},\"potentialAction\":[{\"@type\":\"SearchAction\",\"target\":{\"@type\":\"EntryPoint\",\"urlTemplate\":\"https:\\\/\\\/patterncanada.ca\\\/fr\\\/?s={search_term_string}\"},\"query-input\":{\"@type\":\"PropertyValueSpecification\",\"valueRequired\":true,\"valueName\":\"search_term_string\"}}],\"inLanguage\":\"fr-FR\"},{\"@type\":\"Organization\",\"@id\":\"https:\\\/\\\/patterncanada.ca\\\/fr\\\/#organization\",\"name\":\"Pattern Energy - Canada\",\"url\":\"https:\\\/\\\/patterncanada.ca\\\/fr\\\/\",\"logo\":{\"@type\":\"ImageObject\",\"inLanguage\":\"fr-FR\",\"@id\":\"https:\\\/\\\/patterncanada.ca\\\/fr\\\/#\\\/schema\\\/logo\\\/image\\\/\",\"url\":\"https:\\\/\\\/patterncanada.ca\\\/wp-content\\\/uploads\\\/2025\\\/09\\\/share-ca.jpg\",\"contentUrl\":\"https:\\\/\\\/patterncanada.ca\\\/wp-content\\\/uploads\\\/2025\\\/09\\\/share-ca.jpg\",\"width\":1200,\"height\":628,\"caption\":\"Pattern Energy - Canada\"},\"image\":{\"@id\":\"https:\\\/\\\/patterncanada.ca\\\/fr\\\/#\\\/schema\\\/logo\\\/image\\\/\"},\"sameAs\":[\"https:\\\/\\\/www.facebook.com\\\/PatternCanada\",\"https:\\\/\\\/www.instagram.com\\\/patternenergycanada\\\/\",\"https:\\\/\\\/web.cauze.com\\\/company\\\/293\"]},{\"@type\":\"Person\",\"@id\":\"https:\\\/\\\/patterncanada.ca\\\/fr\\\/#\\\/schema\\\/person\\\/c81f8f89e0ef2f897cb0a03ea8b07b8e\",\"name\":\"patternstage\",\"image\":{\"@type\":\"ImageObject\",\"inLanguage\":\"fr-FR\",\"@id\":\"https:\\\/\\\/secure.gravatar.com\\\/avatar\\\/ef4f52db0d239637fc23bcd8dcb7c975e95b8b16f80c234e9b204c1d35b29c81?s=96&d=mm&r=g\",\"url\":\"https:\\\/\\\/secure.gravatar.com\\\/avatar\\\/ef4f52db0d239637fc23bcd8dcb7c975e95b8b16f80c234e9b204c1d35b29c81?s=96&d=mm&r=g\",\"contentUrl\":\"https:\\\/\\\/secure.gravatar.com\\\/avatar\\\/ef4f52db0d239637fc23bcd8dcb7c975e95b8b16f80c234e9b204c1d35b29c81?s=96&d=mm&r=g\",\"caption\":\"patternstage\"},\"sameAs\":[\"https:\\\/\\\/patterncanada.ca\"],\"url\":\"https:\\\/\\\/patterncanada.ca\\\/fr\\\/author\\\/patternstage\\\/\"}]}<\/script>\n<!-- \/ Yoast SEO plugin. -->","yoast_head_json":{"title":"Le projet \u00e9olien Osgood pr\u00e9sent\u00e9 aux citoyens - Pattern Energy - Canada","robots":{"index":"index","follow":"follow","max-snippet":"max-snippet:-1","max-image-preview":"max-image-preview:large","max-video-preview":"max-video-preview:-1"},"canonical":"https:\/\/patterncanada.ca\/fr\/presentation-du-projet-eolien-dosgood-aux-collectivites-locales\/","og_locale":"fr_FR","og_type":"article","og_title":"Le projet \u00e9olien Osgood pr\u00e9sent\u00e9 aux citoyens - Pattern Energy - Canada","og_description":"Montr\u00e9al, le 4 septembre 2026 \u2013 Pattern Canada, en collaboration avec le Connectif des sommets et la Nation W8banaki, a accueilli jeudi soir plus d\u2019une centaine de citoyens, de repr\u00e9sentants municipaux et de propri\u00e9taires fonciers du Centre-du-Qu\u00e9bec et de Chaudi\u00e8re-Appalaches pour leur pr\u00e9senter le projet \u00e9olien Osgood, en phase de d\u00e9veloppement pr\u00e9liminaire. La soir\u00e9e portes [&hellip;]","og_url":"https:\/\/patterncanada.ca\/fr\/presentation-du-projet-eolien-dosgood-aux-collectivites-locales\/","og_site_name":"Pattern Energy - Canada","article_publisher":"https:\/\/www.facebook.com\/PatternCanada","article_published_time":"2026-09-04T11:00:36+00:00","article_modified_time":"2026-09-04T13:56:04+00:00","og_image":[{"width":800,"height":800,"url":"https:\/\/patterncanada.ca\/wp-content\/uploads\/2025\/07\/Mont-Sainte-MargueriteSponsorship.jpg","type":"image\/jpeg"}],"author":"patternstage","twitter_card":"summary_large_image","twitter_misc":{"Written by":"patternstage","Est. reading time":"4 minutes"},"schema":{"@context":"https:\/\/schema.org","@graph":[{"@type":"Article","@id":"https:\/\/patterncanada.ca\/fr\/presentation-du-projet-eolien-dosgood-aux-collectivites-locales\/#article","isPartOf":{"@id":"https:\/\/patterncanada.ca\/fr\/presentation-du-projet-eolien-dosgood-aux-collectivites-locales\/"},"author":{"name":"patternstage","@id":"https:\/\/patterncanada.ca\/fr\/#\/schema\/person\/c81f8f89e0ef2f897cb0a03ea8b07b8e"},"headline":"Le projet \u00e9olien Osgood pr\u00e9sent\u00e9 aux citoyens","datePublished":"2026-09-04T11:00:36+00:00","dateModified":"2026-09-04T13:56:04+00:00","mainEntityOfPage":{"@id":"https:\/\/patterncanada.ca\/fr\/presentation-du-projet-eolien-dosgood-aux-collectivites-locales\/"},"wordCount":761,"publisher":{"@id":"https:\/\/patterncanada.ca\/fr\/#organization"},"image":{"@id":"https:\/\/patterncanada.ca\/fr\/presentation-du-projet-eolien-dosgood-aux-collectivites-locales\/#primaryimage"},"thumbnailUrl":"https:\/\/patterncanada.ca\/wp-content\/uploads\/2025\/07\/Mont-Sainte-MargueriteSponsorship.jpg","articleSection":["Canada","Communiqu\u00e9 de presse"],"inLanguage":"fr-FR"},{"@type":"WebPage","@id":"https:\/\/patterncanada.ca\/fr\/presentation-du-projet-eolien-dosgood-aux-collectivites-locales\/","url":"https:\/\/patterncanada.ca\/fr\/presentation-du-projet-eolien-dosgood-aux-collectivites-locales\/","name":"Le projet \u00e9olien Osgood pr\u00e9sent\u00e9 aux citoyens - Pattern Energy - Canada","isPartOf":{"@id":"https:\/\/patterncanada.ca\/fr\/#website"},"primaryImageOfPage":{"@id":"https:\/\/patterncanada.ca\/fr\/presentation-du-projet-eolien-dosgood-aux-collectivites-locales\/#primaryimage"},"image":{"@id":"https:\/\/patterncanada.ca\/fr\/presentation-du-projet-eolien-dosgood-aux-collectivites-locales\/#primaryimage"},"thumbnailUrl":"https:\/\/patterncanada.ca\/wp-content\/uploads\/2025\/07\/Mont-Sainte-MargueriteSponsorship.jpg","datePublished":"2026-09-04T11:00:36+00:00","dateModified":"2026-09-04T13:56:04+00:00","breadcrumb":{"@id":"https:\/\/patterncanada.ca\/fr\/presentation-du-projet-eolien-dosgood-aux-collectivites-locales\/#breadcrumb"},"inLanguage":"fr-FR","potentialAction":[{"@type":"ReadAction","target":["https:\/\/patterncanada.ca\/fr\/presentation-du-projet-eolien-dosgood-aux-collectivites-locales\/"]}]},{"@type":"ImageObject","inLanguage":"fr-FR","@id":"https:\/\/patterncanada.ca\/fr\/presentation-du-projet-eolien-dosgood-aux-collectivites-locales\/#primaryimage","url":"https:\/\/patterncanada.ca\/wp-content\/uploads\/2025\/07\/Mont-Sainte-MargueriteSponsorship.jpg","contentUrl":"https:\/\/patterncanada.ca\/wp-content\/uploads\/2025\/07\/Mont-Sainte-MargueriteSponsorship.jpg","width":800,"height":800},{"@type":"BreadcrumbList","@id":"https:\/\/patterncanada.ca\/fr\/presentation-du-projet-eolien-dosgood-aux-collectivites-locales\/#breadcrumb","itemListElement":[{"@type":"ListItem","position":1,"name":"Home","item":"https:\/\/patterncanada.ca\/fr\/home\/"},{"@type":"ListItem","position":2,"name":"Le projet \u00e9olien Osgood pr\u00e9sent\u00e9 aux citoyens"}]},{"@type":"WebSite","@id":"https:\/\/patterncanada.ca\/fr\/#website","url":"https:\/\/patterncanada.ca\/fr\/","name":"Pattern Energy - Canada","description":"Canadian Commitment. Global Company.","publisher":{"@id":"https:\/\/patterncanada.ca\/fr\/#organization"},"potentialAction":[{"@type":"SearchAction","target":{"@type":"EntryPoint","urlTemplate":"https:\/\/patterncanada.ca\/fr\/?s={search_term_string}"},"query-input":{"@type":"PropertyValueSpecification","valueRequired":true,"valueName":"search_term_string"}}],"inLanguage":"fr-FR"},{"@type":"Organization","@id":"https:\/\/patterncanada.ca\/fr\/#organization","name":"Pattern Energy - Canada","url":"https:\/\/patterncanada.ca\/fr\/","logo":{"@type":"ImageObject","inLanguage":"fr-FR","@id":"https:\/\/patterncanada.ca\/fr\/#\/schema\/logo\/image\/","url":"https:\/\/patterncanada.ca\/wp-content\/uploads\/2025\/09\/share-ca.jpg","contentUrl":"https:\/\/patterncanada.ca\/wp-content\/uploads\/2025\/09\/share-ca.jpg","width":1200,"height":628,"caption":"Pattern Energy - Canada"},"image":{"@id":"https:\/\/patterncanada.ca\/fr\/#\/schema\/logo\/image\/"},"sameAs":["https:\/\/www.facebook.com\/PatternCanada","https:\/\/www.instagram.com\/patternenergycanada\/","https:\/\/web.cauze.com\/company\/293"]},{"@type":"Person","@id":"https:\/\/patterncanada.ca\/fr\/#\/schema\/person\/c81f8f89e0ef2f897cb0a03ea8b07b8e","name":"patternstage","image":{"@type":"ImageObject","inLanguage":"fr-FR","@id":"https:\/\/secure.gravatar.com\/avatar\/ef4f52db0d239637fc23bcd8dcb7c975e95b8b16f80c234e9b204c1d35b29c81?s=96&d=mm&r=g","url":"https:\/\/secure.gravatar.com\/avatar\/ef4f52db0d239637fc23bcd8dcb7c975e95b8b16f80c234e9b204c1d35b29c81?s=96&d=mm&r=g","contentUrl":"https:\/\/secure.gravatar.com\/avatar\/ef4f52db0d239637fc23bcd8dcb7c975e95b8b16f80c234e9b204c1d35b29c81?s=96&d=mm&r=g","caption":"patternstage"},"sameAs":["https:\/\/patterncanada.ca"],"url":"https:\/\/patterncanada.ca\/fr\/author\/patternstage\/"}]}},"_links":{"self":[{"href":"https:\/\/patterncanada.ca\/fr\/wp-json\/wp\/v2\/posts\/15296","targetHints":{"allow":["GET"]}}],"collection":[{"href":"https:\/\/patterncanada.ca\/fr\/wp-json\/wp\/v2\/posts"}],"about":[{"href":"https:\/\/patterncanada.ca\/fr\/wp-json\/wp\/v2\/types\/post"}],"author":[{"embeddable":true,"href":"https:\/\/patterncanada.ca\/fr\/wp-json\/wp\/v2\/users\/1"}],"replies":[{"embeddable":true,"href":"https:\/\/patterncanada.ca\/fr\/wp-json\/wp\/v2\/comments?post=15296"}],"version-history":[{"count":2,"href":"https:\/\/patterncanada.ca\/fr\/wp-json\/wp\/v2\/posts\/15296\/revisions"}],"predecessor-version":[{"id":15302,"href":"https:\/\/patterncanada.ca\/fr\/wp-json\/wp\/v2\/posts\/15296\/revisions\/15302"}],"wp:featuredmedia":[{"embeddable":true,"href":"https:\/\/patterncanada.ca\/fr\/wp-json\/wp\/v2\/media\/8545"}],"wp:attachment":[{"href":"https:\/\/patterncanada.ca\/fr\/wp-json\/wp\/v2\/media?parent=15296"}],"wp:term":[{"taxonomy":"category","embeddable":true,"href":"https:\/\/patterncanada.ca\/fr\/wp-json\/wp\/v2\/categories?post=15296"},{"taxonomy":"post_tag","embeddable":true,"href":"https:\/\/patterncanada.ca\/fr\/wp-json\/wp\/v2\/tags?post=15296"}],"curies":[{"name":"wp","href":"https:\/\/api.w.org\/{rel}","templated":true}]}}